{"id":2233,"date":"2026-08-14T07:56:04","date_gmt":"2026-08-14T07:56:04","guid":{"rendered":"https:\/\/pancal-urci.es\/?p=2233"},"modified":"2026-08-14T07:57:17","modified_gmt":"2026-08-14T07:57:17","slug":"la-sombra-del-majzen-sobre-ceuta","status":"publish","type":"post","link":"https:\/\/pancal-urci.es\/index.php\/2026\/08\/14\/la-sombra-del-majzen-sobre-ceuta\/","title":{"rendered":"La sombra del Majz\u00e9n sobre\u00a0Ceuta"},"content":{"rendered":"<div class=\"wp-block-image\">\n<figure class=\"aligncenter size-full is-resized\"><img data-dominant-color=\"3f3127\" data-has-transparency=\"false\" loading=\"lazy\" decoding=\"async\" width=\"1024\" height=\"682\" src=\"https:\/\/pancal-urci.es\/wp-content\/uploads\/2026\/08\/Alonso_Moratinos_PancalURCi_Agosto2026.avif\" alt=\"\" class=\"wp-image-2204 not-transparent\" style=\"--dominant-color: #3f3127; width:840px\" srcset=\"https:\/\/pancal-urci.es\/wp-content\/uploads\/2026\/08\/Alonso_Moratinos_PancalURCi_Agosto2026.avif 1024w, https:\/\/pancal-urci.es\/wp-content\/uploads\/2026\/08\/Alonso_Moratinos_PancalURCi_Agosto2026-300x200.avif 300w, https:\/\/pancal-urci.es\/wp-content\/uploads\/2026\/08\/Alonso_Moratinos_PancalURCi_Agosto2026-768x512.avif 768w, https:\/\/pancal-urci.es\/wp-content\/uploads\/2026\/08\/Alonso_Moratinos_PancalURCi_Agosto2026-850x566.avif 850w\" sizes=\"auto, (max-width: 1024px) 100vw, 1024px\" \/><\/figure>\n<\/div>\n\n\n<p class=\"wp-block-paragraph\">Lo sucedido a finales de julio de 2026 en la frontera de <a href=\"https:\/\/pancal-urci.es\/index.php\/2026\/08\/04\/ceuta-bajo-la-tenaza-de-rabat-morfologia-de-una-agresion-planificada\/\">Ceuta<\/a> no fue una marejada humana espont\u00e1nea ni una desafortunada coincidencia fruto de la desesperaci\u00f3n puntual. La irrupci\u00f3n de cerca de 80.000 personas en la ciudad aut\u00f3noma en cuesti\u00f3n de pocas horas constituye un episodio sin precedentes que ha superado cualquier antecedente en la historia reciente de las fronteras hispano-marroqu\u00edes. Intentar reducir un despliegue de semejante magnitud a un mero \u00abefecto llamado\u00bb movilizado de forma ca\u00f3tica a trav\u00e9s de redes sociales es ignorar deliberadamente el funcionamiento del aparato del Estado marroqu\u00ed. Todo apunta a que estamos ante una operaci\u00f3n minuciosamente dise\u00f1ada y trabajada durante meses desde las altas esferas del poder alauita, bajo la direcci\u00f3n o el impl\u00edcito consentimiento del rey Mohamed VI, ya que sin su autorizaci\u00f3n expresa nada de este calado ocurre en sus fronteras. <\/p>\n\n\n\n<p class=\"wp-block-paragraph\">Para que decenas de miles de personas converjan de manera simult\u00e1nea en un punto geogr\u00e1fico tan preciso como las inmediaciones de Castillejos y los espigones del Tarajal y Benz\u00fa, se requiere una infraestructura organizativa que no se improvisa en cuesti\u00f3n de d\u00edas.<\/p>\n\n\n\n<p class=\"wp-block-paragraph\">Movilizaci\u00f3n de transportes a gran escala: El desplazamiento masivo de j\u00f3venes, familias y colectivos procedentes de diversos puntos del interior de Marruecos requiri\u00f3 una red de transportes y desplazamientos coordinados a escala regional y nacional.<\/p>\n\n\n\n<p class=\"wp-block-paragraph\">Inacci\u00f3n deliberada de las fuerzas de seguridad: Marruecos mantiene uno de los dispositivos policiales y militares m\u00e1s severos e intrusivos de la regi\u00f3n norteafricana, con una presencia f\u00e9rrea en el per\u00edmetro fronterizo con Espa\u00f1a. La apertura de facto o la pasividad absoluta de la gendarmer\u00eda en los controles durante las horas clave solo puede responder a una orden directa y jer\u00e1rquica de levantar la guardia. <\/p>\n\n\n\n<p class=\"wp-block-paragraph\">Infiltraci\u00f3n y agitaci\u00f3n digital organizada: Aunque los canales de mensajer\u00eda instant\u00e1nea y las redes sociales sirvieron como altavoz, la creaci\u00f3n de la narrativa y la difusi\u00f3n masiva previa requirieron semanas de preparaci\u00f3n estrat\u00e9gica para canalizar y dirigir el flujo hacia la frontera.<\/p>\n\n\n\n<p class=\"wp-block-paragraph\">En la estructura pol\u00edtica de Marruecos, donde la c\u00fapula militar, la gendarmer\u00eda y los servicios de inteligencia responden en \u00faltima instancia al Palacio Real, un movimiento fronterizo de estas caracter\u00edsticas es absolutamente imposible de ejecutar sin la luz verde del Majz\u00e9n.Marruecos ha demostrado hist\u00f3ricamente una maestr\u00eda indiscutible en la utilizaci\u00f3n de la presi\u00f3n migratoria como baza en su agenda de pol\u00edtica exterior. <\/p>\n\n\n\n<p class=\"wp-block-paragraph\">Lo vivido en Ceuta no es m\u00e1s que la manifestaci\u00f3n m\u00e1s extrema de lo que los analistas militares denominan guerra h\u00edbrida: utilizar flujos humanos como un elemento de presi\u00f3n geopol\u00edtica, econ\u00f3mica y social sobre el vecino del norte.<\/p>\n\n\n\n<p class=\"wp-block-paragraph\">A este escenario hay que a\u00f1adir que las recientes declaraciones de los ministros espa\u00f1oles afirmando que los migrantes volver\u00e1n a Marruecos tras entablar conversaciones con sus hom\u00f3logos no son m\u00e1s que una cortina de humo medi\u00e1tica. La postura de Rabat hacia Espa\u00f1a es constante: emitir se\u00f1ales inequ\u00edvocas de que son ellos quienes marcan los tiempos, las pausas y las condiciones en la relaci\u00f3n bilateral, tanto en el \u00e1mbito comercial como en el diplom\u00e1tico.<\/p>\n\n\n\n<p class=\"wp-block-paragraph\">Al mismo tiempo, la ciudadan\u00eda exige explicaciones claras y veraces por parte del presidente Pedro S\u00e1nchez sobre la verdadera naturaleza de su relaci\u00f3n con el reino alauita. Tras los episodios de espionaje a trav\u00e9s de su dispositivo m\u00f3vil y los giros diplom\u00e1ticos opacos de los \u00faltimos a\u00f1os, la transparencia absoluta sobre los compromisos asumidos con Rabat ya no es una opci\u00f3n pol\u00edtica, sino un imperativo de seguridad nacional.<\/p>\n\n\n<div class=\"wp-block-image\">\n<figure class=\"alignleft size-full is-resized\"><img data-dominant-color=\"60462d\" data-has-transparency=\"false\" loading=\"lazy\" decoding=\"async\" width=\"410\" height=\"410\" src=\"https:\/\/pancal-urci.es\/wp-content\/uploads\/2026\/01\/FcoJ.AlonsoR_SecretarioGeneral_Pancal-URCi-e1772443637600.avif\" alt=\"\" class=\"wp-image-1693 not-transparent\" style=\"--dominant-color: #60462d; width:140px\" srcset=\"https:\/\/pancal-urci.es\/wp-content\/uploads\/2026\/01\/FcoJ.AlonsoR_SecretarioGeneral_Pancal-URCi-e1772443637600.avif 410w, https:\/\/pancal-urci.es\/wp-content\/uploads\/2026\/01\/FcoJ.AlonsoR_SecretarioGeneral_Pancal-URCi-e1772443637600-300x300.avif 300w, https:\/\/pancal-urci.es\/wp-content\/uploads\/2026\/01\/FcoJ.AlonsoR_SecretarioGeneral_Pancal-URCi-e1772443637600-150x150.avif 150w\" sizes=\"auto, (max-width: 410px) 100vw, 410px\" \/><figcaption class=\"wp-element-caption\">Fco. Jos\u00e9 Alonso<\/figcaption><\/figure>\n<\/div>\n\n\n<p class=\"wp-block-paragraph\">Francisco Jos\u00e9 Alonso Rodriguez. \u2013 Secretario General Partido Nacionalista de Castilla y Leon (PANCAL-URCi. -Ateneo Cultural Villalar. \u2013 Premio a las Libertades. \u2013 Medalla Internacional DD.HH.<\/p>\n\n\n\n<p class=\"wp-block-paragraph\"><\/p>\n\n\n\n<p class=\"wp-block-paragraph\"><\/p>\n\n\n\n<p class=\"wp-block-paragraph\"><\/p>\n\n\n<div class=\"wp-block-image\">\n<figure class=\"alignleft size-full is-resized\"><img data-dominant-color=\"5f493c\" data-has-transparency=\"false\" loading=\"lazy\" decoding=\"async\" width=\"1024\" height=\"1024\" src=\"https:\/\/pancal-urci.es\/wp-content\/uploads\/2026\/01\/JoseIganacioMoratinos_ElEmpecinado_Coordinador-General_Pancal-URCi_Directiva.avif\" alt=\"\" class=\"wp-image-1709 not-transparent\" style=\"--dominant-color: #5f493c; width:140px\" srcset=\"https:\/\/pancal-urci.es\/wp-content\/uploads\/2026\/01\/JoseIganacioMoratinos_ElEmpecinado_Coordinador-General_Pancal-URCi_Directiva.avif 1024w, https:\/\/pancal-urci.es\/wp-content\/uploads\/2026\/01\/JoseIganacioMoratinos_ElEmpecinado_Coordinador-General_Pancal-URCi_Directiva-300x300.avif 300w, https:\/\/pancal-urci.es\/wp-content\/uploads\/2026\/01\/JoseIganacioMoratinos_ElEmpecinado_Coordinador-General_Pancal-URCi_Directiva-150x150.avif 150w, https:\/\/pancal-urci.es\/wp-content\/uploads\/2026\/01\/JoseIganacioMoratinos_ElEmpecinado_Coordinador-General_Pancal-URCi_Directiva-768x768.avif 768w, https:\/\/pancal-urci.es\/wp-content\/uploads\/2026\/01\/JoseIganacioMoratinos_ElEmpecinado_Coordinador-General_Pancal-URCi_Directiva-850x850.avif 850w\" sizes=\"auto, (max-width: 1024px) 100vw, 1024px\" \/><figcaption class=\"wp-element-caption\">Ignacio <a href=\"https:\/\/pancal-urci.es\/index.php\/2026\/05\/25\/el-empecinado-y-la-liberacion-de-alcala-de-henares-tras-la-batalla-del-puente-de-zulema\/\">Moratinos<\/a><\/figcaption><\/figure>\n<\/div>\n\n\n<p class=\"wp-block-paragraph\">DD.HH.Ignacio Moratinos \u201cEl Empecinado\u201d Secretario General del PANCAL-URCi en Castilla y Le\u00f3n.- Ateneo Cultural Villalar y Presidente Circulo Cultural Juan Martin \u201cEl Empecinado\u201d.<\/p>\n","protected":false},"excerpt":{"rendered":"<p>Lo sucedido a finales de julio de 2026 en la frontera de Ceuta no fue una marejada humana espont\u00e1nea ni una desafortunada coincidencia fruto de la desesperaci\u00f3n puntual. La irrupci\u00f3n de cerca de 80.000 personas en la ciudad aut\u00f3noma en cuesti\u00f3n de pocas horas constituye un episodio sin precedentes que ha superado cualquier antecedente en&#8230;<\/p>\n","protected":false},"author":1,"featured_media":2234,"comment_status":"closed","ping_status":"closed","sticky":false,"template":"","format":"standard","meta":{"footnotes":""},"categories":[8],"tags":[30,62,337,59,40,460,24,31],"class_list":["post-2233","post","type-post","status-publish","format-standard","has-post-thumbnail","hentry","category-noticias","tag-alonso","tag-articulo","tag-ceuta","tag-empecinado","tag-espana","tag-majzen","tag-moratinos","tag-noticia"],"_links":{"self":[{"href":"https:\/\/pancal-urci.es\/index.php\/wp-json\/wp\/v2\/posts\/2233","targetHints":{"allow":["GET"]}}],"collection":[{"href":"https:\/\/pancal-urci.es\/index.php\/wp-json\/wp\/v2\/posts"}],"about":[{"href":"https:\/\/pancal-urci.es\/index.php\/wp-json\/wp\/v2\/types\/post"}],"author":[{"embeddable":true,"href":"https:\/\/pancal-urci.es\/index.php\/wp-json\/wp\/v2\/users\/1"}],"replies":[{"embeddable":true,"href":"https:\/\/pancal-urci.es\/index.php\/wp-json\/wp\/v2\/comments?post=2233"}],"version-history":[{"count":1,"href":"https:\/\/pancal-urci.es\/index.php\/wp-json\/wp\/v2\/posts\/2233\/revisions"}],"predecessor-version":[{"id":2235,"href":"https:\/\/pancal-urci.es\/index.php\/wp-json\/wp\/v2\/posts\/2233\/revisions\/2235"}],"wp:featuredmedia":[{"embeddable":true,"href":"https:\/\/pancal-urci.es\/index.php\/wp-json\/wp\/v2\/media\/2234"}],"wp:attachment":[{"href":"https:\/\/pancal-urci.es\/index.php\/wp-json\/wp\/v2\/media?parent=2233"}],"wp:term":[{"taxonomy":"category","embeddable":true,"href":"https:\/\/pancal-urci.es\/index.php\/wp-json\/wp\/v2\/categories?post=2233"},{"taxonomy":"post_tag","embeddable":true,"href":"https:\/\/pancal-urci.es\/index.php\/wp-json\/wp\/v2\/tags?post=2233"}],"curies":[{"name":"wp","href":"https:\/\/api.w.org\/{rel}","templated":true}]}}