{"id":2242,"date":"2026-08-20T15:46:31","date_gmt":"2026-08-20T15:46:31","guid":{"rendered":"https:\/\/pancal-urci.es\/?p=2242"},"modified":"2026-08-20T15:46:44","modified_gmt":"2026-08-20T15:46:44","slug":"la-gran-farsa-de-ceuta-doble-lenguaje-opacidad-y-compromisos-ocultos","status":"publish","type":"post","link":"https:\/\/pancal-urci.es\/index.php\/2026\/08\/20\/la-gran-farsa-de-ceuta-doble-lenguaje-opacidad-y-compromisos-ocultos\/","title":{"rendered":"La Gran Farsa de Ceuta: Doble Lenguaje, Opacidad y Compromisos\u00a0Ocultos"},"content":{"rendered":"<div class=\"wp-block-image\">\n<figure class=\"aligncenter size-full is-resized\"><img data-dominant-color=\"3f3127\" data-has-transparency=\"false\" loading=\"lazy\" decoding=\"async\" width=\"1024\" height=\"682\" src=\"https:\/\/pancal-urci.es\/wp-content\/uploads\/2026\/08\/Alonso_Moratinos_PancalURCi_Agosto2026.avif\" alt=\"\" class=\"wp-image-2204 not-transparent\" style=\"--dominant-color: #3f3127; width:840px;height:auto\" srcset=\"https:\/\/pancal-urci.es\/wp-content\/uploads\/2026\/08\/Alonso_Moratinos_PancalURCi_Agosto2026.avif 1024w, https:\/\/pancal-urci.es\/wp-content\/uploads\/2026\/08\/Alonso_Moratinos_PancalURCi_Agosto2026-300x200.avif 300w, https:\/\/pancal-urci.es\/wp-content\/uploads\/2026\/08\/Alonso_Moratinos_PancalURCi_Agosto2026-768x512.avif 768w, https:\/\/pancal-urci.es\/wp-content\/uploads\/2026\/08\/Alonso_Moratinos_PancalURCi_Agosto2026-850x566.avif 850w\" sizes=\"auto, (max-width: 1024px) 100vw, 1024px\" \/><\/figure>\n<\/div>\n\n\n<p class=\"wp-block-paragraph\">La reciente crisis migratoria desatada en <a href=\"https:\/\/pancal-urci.es\/index.php\/2026\/08\/04\/ceuta-bajo-la-tenaza-de-rabat-morfologia-de-una-agresion-planificada\/\">Ceuta<\/a> tras las entradas masivas ha vuelto a dejar al descubierto la estrategia de comunicaci\u00f3n opaca y deliberadamente enga\u00f1osa del Gobierno de Espa\u00f1a. Lejos de ofrecer un plan riguroso, firme y coordinado, el Ejecutivo de Pedro S\u00e1nchez ha optado por escenificar un ejercicio de funambulismo pol\u00edtico donde se promete una cosa a la opini\u00f3n p\u00fablica mientras, por la espalda, se ejecutan planes radicalmente opuestos. La gesti\u00f3n de los menores extranjeros no acompa\u00f1ados se ha convertido en el en\u00e9simo escenario de una pol\u00edtica de hechos consumados que esconde un profundo d\u00e9ficit de transparencia institucional.<\/p>\n\n\n\n<p class=\"wp-block-paragraph\"><br>Por un lado, los pesos pesados del Consejo de Ministros han desplegado una narrativa oficial orientada a calmar la indignaci\u00f3n social y dar una falsa sensaci\u00f3n de control diplom\u00e1tico. El ministro de Presidencia y Justicia, F\u00e9lix Bola\u00f1os, asever\u00f3 con tajante rotundidad que la prioridad absoluta era lograr que \u00abtodos y cada uno de los menores\u00bb regresaran con sus familias a Marruecos. En una l\u00ednea similar, el ministro del Interior, Fernando Grande-Marlaska, apoyaba p\u00fablicamente el retorno de quienes ingresaron ilegalmente, condicion\u00e1ndolo de forma vaga a los preceptivos tr\u00e1mites judiciales. Este mensaje buscaba proyectar una imagen de firmeza fronteriza y de colaboraci\u00f3n fruct\u00edfera con el reino alauita.<\/p>\n\n\n\n<p class=\"wp-block-paragraph\"><br>Sin embargo, la cruda realidad desmonta el relato oficial. Mientras se promet\u00eda a los ciudadanos la devoluci\u00f3n de los menores a su pa\u00eds de origen, el Ministerio de Juventud e Infancia \u2014dirigido por Sira Rego\u2014 trabajaba a marchas forzadas en un plan para trasladar de forma urgente a 500 ni\u00f1as inmigrantes desde Ceuta hacia la pen\u00ednsula. Para consumar este traslado sin enfrentarse a la oposici\u00f3n de las comunidades aut\u00f3nomas gobernadas por la oposici\u00f3n (PP y Vox), el Gobierno ha dise\u00f1ado un retorcido atajo jur\u00eddico: mantener la tutela administrativa en la Ciudad Aut\u00f3noma de Ceuta mientras se delega la guarda f\u00edsica a organizaciones privadas de protecci\u00f3n infantil en territorio peninsular.<br>Con esta triqui\u00f1uela legal, el Ejecutivo ningunea las competencias auton\u00f3micas y el debate parlamentario, imponiendo un reparto encubierto mientras sigue vendiendo a la opini\u00f3n p\u00fablica un supuesto plan de retorno a Marruecos que jam\u00e1s se ejecuta. Cuando la ministra portavoz, Elma Saiz, fue interpelada sobre estas contradicciones, la respuesta fue la evasiva sistem\u00e1tica y el refugio en clich\u00e9s conceptuales como el \u00abinter\u00e9s superior del menor\u00bb o el anuncio de transferencias millonarias. Ninguna explicaci\u00f3n plausible sobre por qu\u00e9 se afirma negociar devoluciones con Rabat mientras de facto se organiza el reparto masivo por la geograf\u00eda nacional.<\/p>\n\n\n\n<p class=\"wp-block-paragraph\"><br>Este enga\u00f1o sistem\u00e1tico no puede analizarse como un mero error de coordinaci\u00f3n ministerial, sino como el s\u00edntoma de una servidumbre pol\u00edtica preocupante. \u00bfPor qu\u00e9 el Ejecutivo de Pedro S\u00e1nchez es incapaz de exigir a Marruecos que asuma la responsabilidad sobre sus propios ciudadanos y menores? La respuesta se halla en la nebulosa de compromisos opacos que el presidente y el lobby de poder del PSOE han contra\u00eddo con la monarqu\u00eda alauita desde el giro unilateral sobre el S\u00e1hara Occidental.<\/p>\n\n\n\n<p class=\"wp-block-paragraph\"><br>Desde el viraje diplom\u00e1tico de 2022 \u2014tomado de forma personalista por S\u00e1nchez y a espaldas de las Cortes Generales\u2014, la pol\u00edtica exterior espa\u00f1ola hacia Marruecos se caracteriza por la sumisi\u00f3n y la falta de explicaciones. Existen numerosos e intensos intereses entrelazados, redes de influencia y presiones geoestrat\u00e9gicas que parecen atar de pies y manos al Gobierno. Marruecos utiliza la presi\u00f3n migratoria y la gesti\u00f3n de sus fronteras como una herramienta de chantaje pol\u00edtico constante, sabedor de que el Palacio de la Moncloa ceder\u00e1 a cualquier pretensi\u00f3n antes que arriesgarse a una grieta en la fachada de la \u00abnueva etapa de amistad\u00bb.<\/p>\n\n\n\n<p class=\"wp-block-paragraph\"><br>El pueblo espa\u00f1ol asiste impotente a un espect\u00e1culo donde el Gobierno prefiere tensionar la convivencia territorial, desbordar las capacidades de acogida peninsulares y bordear el choque constitucional con las comunidades aut\u00f3nomas antes que exigir de forma firme al Gobierno marroqu\u00ed el cumplimiento de los tratados internacionales de repatriaci\u00f3n de menores. Es hora de que Pedro S\u00e1nchez rinda cuentas de forma transparente, aclare qu\u00e9 compromisos personales y partidistas mantiene con el r\u00e9gimen marroqu\u00ed y deje de tratar a los ciudadanos espa\u00f1oles como meros espectadores de su permanente pol\u00edtica de la confusi\u00f3n.<\/p>\n\n\n\n<p class=\"wp-block-paragraph\"><br>Francisco Jos\u00e9 Alonso Rodr\u00edguez. \u2013 Polit\u00f3logo. \u2013 Soci\u00f3logo. \u2013 Secretario General Partifo Nacionalista de Castilla y Leon (PANCAL-URCI).- Ateneo Cultural Villalar.- Premio a las Libertades \u201cRafael del Riego\u201d. Medalla Internacional DD.HH.<\/p>\n\n\n\n<p class=\"wp-block-paragraph\"><br>Ignacio <a href=\"https:\/\/pancal-urci.es\/index.php\/2026\/05\/25\/el-empecinado-y-la-liberacion-de-alcala-de-henares-tras-la-batalla-del-puente-de-zulema\/\">Moratinos<\/a>. -Secretario General PANCAL-URCI en Castilla y Le\u00f3n. \u2013 Ateneo Cultural Villalar. \u2013 Presidente Circulo Cultural Juan Mar\u00edn \u201cEl Empecinado\u201d.<\/p>\n","protected":false},"excerpt":{"rendered":"<p>La reciente crisis migratoria desatada en Ceuta tras las entradas masivas ha vuelto a dejar al descubierto la estrategia de comunicaci\u00f3n opaca y deliberadamente enga\u00f1osa del Gobierno de Espa\u00f1a. Lejos de ofrecer un plan riguroso, firme y coordinado, el Ejecutivo de Pedro S\u00e1nchez ha optado por escenificar un ejercicio de funambulismo pol\u00edtico donde se promete&#8230;<\/p>\n","protected":false},"author":1,"featured_media":2211,"comment_status":"closed","ping_status":"closed","sticky":false,"template":"","format":"standard","meta":{"footnotes":""},"categories":[8],"tags":[337,40,461,463,162],"class_list":["post-2242","post","type-post","status-publish","format-standard","has-post-thumbnail","hentry","category-noticias","tag-ceuta","tag-espana","tag-farsa","tag-lenguaje","tag-marruecos"],"_links":{"self":[{"href":"https:\/\/pancal-urci.es\/index.php\/wp-json\/wp\/v2\/posts\/2242","targetHints":{"allow":["GET"]}}],"collection":[{"href":"https:\/\/pancal-urci.es\/index.php\/wp-json\/wp\/v2\/posts"}],"about":[{"href":"https:\/\/pancal-urci.es\/index.php\/wp-json\/wp\/v2\/types\/post"}],"author":[{"embeddable":true,"href":"https:\/\/pancal-urci.es\/index.php\/wp-json\/wp\/v2\/users\/1"}],"replies":[{"embeddable":true,"href":"https:\/\/pancal-urci.es\/index.php\/wp-json\/wp\/v2\/comments?post=2242"}],"version-history":[{"count":1,"href":"https:\/\/pancal-urci.es\/index.php\/wp-json\/wp\/v2\/posts\/2242\/revisions"}],"predecessor-version":[{"id":2243,"href":"https:\/\/pancal-urci.es\/index.php\/wp-json\/wp\/v2\/posts\/2242\/revisions\/2243"}],"wp:featuredmedia":[{"embeddable":true,"href":"https:\/\/pancal-urci.es\/index.php\/wp-json\/wp\/v2\/media\/2211"}],"wp:attachment":[{"href":"https:\/\/pancal-urci.es\/index.php\/wp-json\/wp\/v2\/media?parent=2242"}],"wp:term":[{"taxonomy":"category","embeddable":true,"href":"https:\/\/pancal-urci.es\/index.php\/wp-json\/wp\/v2\/categories?post=2242"},{"taxonomy":"post_tag","embeddable":true,"href":"https:\/\/pancal-urci.es\/index.php\/wp-json\/wp\/v2\/tags?post=2242"}],"curies":[{"name":"wp","href":"https:\/\/api.w.org\/{rel}","templated":true}]}}