{"id":2248,"date":"2026-08-25T08:09:51","date_gmt":"2026-08-25T08:09:51","guid":{"rendered":"https:\/\/pancal-urci.es\/?p=2248"},"modified":"2026-08-25T08:10:49","modified_gmt":"2026-08-25T08:10:49","slug":"el-verano-mas-amargo-de-zapatero-de-la-villa-de-famara-al-retiro-forzado-en-madrid","status":"publish","type":"post","link":"https:\/\/pancal-urci.es\/index.php\/2026\/08\/25\/el-verano-mas-amargo-de-zapatero-de-la-villa-de-famara-al-retiro-forzado-en-madrid\/","title":{"rendered":"El verano m\u00e1s amargo de Zapatero: de la villa de Famara al retiro forzado en\u00a0Madrid"},"content":{"rendered":"<div class=\"wp-block-image\">\n<figure class=\"aligncenter size-full is-resized\"><img data-dominant-color=\"3f3127\" data-has-transparency=\"false\" loading=\"lazy\" decoding=\"async\" width=\"1024\" height=\"682\" src=\"https:\/\/pancal-urci.es\/wp-content\/uploads\/2026\/08\/Alonso_Moratinos_PancalURCi_Agosto2026.avif\" alt=\"\" class=\"wp-image-2204 not-transparent\" style=\"--dominant-color: #3f3127; width:840px;height:auto\" srcset=\"https:\/\/pancal-urci.es\/wp-content\/uploads\/2026\/08\/Alonso_Moratinos_PancalURCi_Agosto2026.avif 1024w, https:\/\/pancal-urci.es\/wp-content\/uploads\/2026\/08\/Alonso_Moratinos_PancalURCi_Agosto2026-300x200.avif 300w, https:\/\/pancal-urci.es\/wp-content\/uploads\/2026\/08\/Alonso_Moratinos_PancalURCi_Agosto2026-768x512.avif 768w, https:\/\/pancal-urci.es\/wp-content\/uploads\/2026\/08\/Alonso_Moratinos_PancalURCi_Agosto2026-850x566.avif 850w\" sizes=\"auto, (max-width: 1024px) 100vw, 1024px\" \/><\/figure>\n<\/div>\n\n\n<p class=\"wp-block-paragraph\">El expresidente Jos\u00e9 Luis Rodr\u00edguez Zapatero y su entorno familiar atraviesan uno de los periodos m\u00e1s convulsos y complejos de su trayectoria reciente. La habitual imagen estival de la familia disfrutando de las playas de Lanzarote ha saltado por los aires este a\u00f1o, sustituida por un hermetismo casi total en su residencia de Madrid. Lo que en ejercicios anteriores era un retiro continuado de descanso en la isla canaria se ha visto truncado, dejando tras de s\u00ed una vivienda cerrada y bajo estricta vigilancia en la urbanizaci\u00f3n de Bungalows de Famara.<\/p>\n\n\n\n<p class=\"wp-block-paragraph\"><br>El impacto del contexto judicial e investigador que cerca al ex l\u00edder socialista ha transformado radicalmente sus rutinas. Quienes conocen su d\u00eda a d\u00eda se\u00f1alan que el expresidente intenta sobrellevar la presi\u00f3n mediante la pr\u00e1ctica intensa de deporte e intensas rutinas para evitar caer en un estado de \u00e1nimo bajo o depresivo. Sin embargo, la brecha respecto a veranos anteriores es evidente: la habitual caseta de vigilancia que la Guardia Civil instalaba junto a su villa de Famara no ha sido colocada este a\u00f1o, y la propiedad ha quedado al cuidado de un guard\u00e9s local que revisa peri\u00f3dicamente la finca.<br>Este aislamiento coincide con un panorama judicial e informativo marcado por acusaciones e indagaciones sobre su actividad tras salir de La Moncloa y sus v\u00ednculos en Am\u00e9rica Latina:<\/p>\n\n\n\n<p class=\"wp-block-paragraph\"><br>Giro en el ocio estival: Tras una d\u00e9cada veraneando de forma ininterrumpida en Lanzarote \u2014donde sol\u00eda coincidir en La Mareta con Pedro S\u00e1nchez y otros miembros del PSOE\u2014, la pareja ha optado por blindar su privacidad. Fuentes de su entorno apuntan a la necesidad de no exponerse a focos medi\u00e1ticos o altercados p\u00fablicos en la isla.<br>El contencioso de la venta de buques: En el trasfondo informativo reaparecen con fuerza las denuncias promovidas a\u00f1os atr\u00e1s por sectores de la oposici\u00f3n venezolana y por la exfiscal general de Venezuela, Luisa Ortega D\u00edaz. Esta l\u00ednea de acusaciones sostiene la existencia de presuntas comisiones irregulares multimillonarias derivadas de la venta de buques y patrulleros de Navantia al Gobierno de Hugo Ch\u00e1vez a mediados de la d\u00e9cada de 2000, un contrato impulsado bajo el mandato de Zapatero y su entonces ministro de Defensa, Jos\u00e9 Bono. La presunta presencia de tecnolog\u00eda bajo soberan\u00eda estadounidense en dicha flota mantiene el caso bajo la atenci\u00f3n de entes de investigaci\u00f3n de EE. UU.<br>Presi\u00f3n sobre el patrimonio: La paralizaci\u00f3n de cualquier movimiento respecto a sus inmuebles responde tambi\u00e9n a criterios de cautela legal ante los requerimientos de informaci\u00f3n sobre sus ingresos, asesor\u00edas y sociedades asociadas.<\/p>\n\n\n\n<p class=\"wp-block-paragraph\">El principio de justicia y la sombra de la impunidad. Ante este escenario de cerco investigador, cobra especial vigencia la c\u00e9lebre premisa jur\u00eddica recordada por el Gran Jurista, Fiscal de Sala del Tribunal Supremo y destacado miembro de la Liga Espa\u00f1ola Pro Derechos Humanos, Eduardo Fungari\u00f1o: los delitos que no son sancionados est\u00e1n condenados a repetirse. La impunidad o la mera aspiraci\u00f3n de que los hechos prescriban con el paso del tiempo no solo erosiona el Estado de derecho, sino que degrada la confianza institucional y deja las puertas abiertas a la reincidencia de las conductas irregulares.<\/p>\n\n\n\n<p class=\"wp-block-paragraph\"><br>En un Estado democr\u00e1tico, la prescripci\u00f3n no debe emplearse como un refugio t\u00e1ctico para eludir la acci\u00f3n de la justicia. Por ello, la recomendaci\u00f3n l\u00f3gica y \u00e9tica para el expresidente Zapatero es que rechace cualquier intento de buscar la caducidad legal de los hechos investigados. La alta responsabilidad pol\u00edtica que ejerci\u00f3 exige afrontar las pesquisas con la m\u00e1xima dignidad, honor y entereza moral. Si se ha cometido un delito, el \u00fanico camino compatible con el respeto a la ciudadan\u00eda y a las instituciones es asumir las consecuencias y hacer frente a la sanci\u00f3n correspondiente, en lugar de dilatar los procesos a la espera del olvido.<\/p>\n\n\n\n<p class=\"wp-block-paragraph\"><br>Entre la b\u00fasqueda de cobijo en la capital y las sesiones de nataci\u00f3n con las que intenta amortiguar el desgaste de la situaci\u00f3n, Zapatero afronta el est\u00edo m\u00e1s hostil y de mayor cuestionamiento a su figura p\u00fablica hasta la fecha.<\/p>\n\n\n<div class=\"wp-block-image\">\n<figure class=\"alignleft size-full is-resized\"><img data-dominant-color=\"60462d\" data-has-transparency=\"false\" loading=\"lazy\" decoding=\"async\" width=\"410\" height=\"410\" src=\"https:\/\/pancal-urci.es\/wp-content\/uploads\/2026\/01\/FcoJ.AlonsoR_SecretarioGeneral_Pancal-URCi-e1772443637600.avif\" alt=\"\" class=\"wp-image-1693 not-transparent\" style=\"--dominant-color: #60462d; width:140px;height:auto\" srcset=\"https:\/\/pancal-urci.es\/wp-content\/uploads\/2026\/01\/FcoJ.AlonsoR_SecretarioGeneral_Pancal-URCi-e1772443637600.avif 410w, https:\/\/pancal-urci.es\/wp-content\/uploads\/2026\/01\/FcoJ.AlonsoR_SecretarioGeneral_Pancal-URCi-e1772443637600-300x300.avif 300w, https:\/\/pancal-urci.es\/wp-content\/uploads\/2026\/01\/FcoJ.AlonsoR_SecretarioGeneral_Pancal-URCi-e1772443637600-150x150.avif 150w\" sizes=\"auto, (max-width: 410px) 100vw, 410px\" \/><figcaption class=\"wp-element-caption\">Fco. Jos\u00e9 Alonso<\/figcaption><\/figure>\n<\/div>\n\n\n<p class=\"wp-block-paragraph\"><br>Francisco Jos\u00e9 Alonso Rodr\u00edguez. \u2013 Polit\u00f3logo. \u2013 Soci\u00f3logo. \u2013 Secretario General Partido Nacionalista de Castilla y Le\u00f3n (PANCAL-URCi). \u2013 Ateneo Cultural Villalar. \u2013 Premio a las Libertades \u201cRafael del Riego\u201d. \u2013 Medalla Internacional DD. HH<\/p>\n\n\n<div class=\"wp-block-image\">\n<figure class=\"alignleft size-full is-resized\"><img data-dominant-color=\"5f493c\" data-has-transparency=\"false\" loading=\"lazy\" decoding=\"async\" width=\"1024\" height=\"1024\" src=\"https:\/\/pancal-urci.es\/wp-content\/uploads\/2026\/01\/JoseIganacioMoratinos_ElEmpecinado_Coordinador-General_Pancal-URCi_Directiva.avif\" alt=\"\" class=\"wp-image-1709 not-transparent\" style=\"--dominant-color: #5f493c; width:140px;height:auto\" srcset=\"https:\/\/pancal-urci.es\/wp-content\/uploads\/2026\/01\/JoseIganacioMoratinos_ElEmpecinado_Coordinador-General_Pancal-URCi_Directiva.avif 1024w, https:\/\/pancal-urci.es\/wp-content\/uploads\/2026\/01\/JoseIganacioMoratinos_ElEmpecinado_Coordinador-General_Pancal-URCi_Directiva-300x300.avif 300w, https:\/\/pancal-urci.es\/wp-content\/uploads\/2026\/01\/JoseIganacioMoratinos_ElEmpecinado_Coordinador-General_Pancal-URCi_Directiva-150x150.avif 150w, https:\/\/pancal-urci.es\/wp-content\/uploads\/2026\/01\/JoseIganacioMoratinos_ElEmpecinado_Coordinador-General_Pancal-URCi_Directiva-768x768.avif 768w, https:\/\/pancal-urci.es\/wp-content\/uploads\/2026\/01\/JoseIganacioMoratinos_ElEmpecinado_Coordinador-General_Pancal-URCi_Directiva-850x850.avif 850w\" sizes=\"auto, (max-width: 1024px) 100vw, 1024px\" \/><figcaption class=\"wp-element-caption\">Ignacio <a href=\"https:\/\/pancal-urci.es\/index.php\/2026\/05\/25\/el-empecinado-y-la-liberacion-de-alcala-de-henares-tras-la-batalla-del-puente-de-zulema\/\">Moratinos<\/a><\/figcaption><\/figure>\n<\/div>\n\n\n<p class=\"wp-block-paragraph\"><br>Ignacio Moratinos \u201cEl Empecinado\u201d Secretario General PANCAL-URCi en Castilla y Le\u00f3n. \u2013 Ateneo Cultural Villalar. \u2013 C\u00edrculo Cultural Juan Mar\u00edn \u201cEl Empecinado\u201d.<\/p>\n","protected":false},"excerpt":{"rendered":"<p>El expresidente Jos\u00e9 Luis Rodr\u00edguez Zapatero y su entorno familiar atraviesan uno de los periodos m\u00e1s convulsos y complejos de su trayectoria reciente. La habitual imagen estival de la familia disfrutando de las playas de Lanzarote ha saltado por los aires este a\u00f1o, sustituida por un hermetismo casi total en su residencia de Madrid. Lo&#8230;<\/p>\n","protected":false},"author":1,"featured_media":2249,"comment_status":"closed","ping_status":"closed","sticky":false,"template":"","format":"standard","meta":{"footnotes":""},"categories":[8],"tags":[62,464,196,31,57,76,161],"class_list":["post-2248","post","type-post","status-publish","format-standard","has-post-thumbnail","hentry","category-noticias","tag-articulo","tag-famara","tag-madrid","tag-noticia","tag-presidente","tag-psoe","tag-zapatero"],"_links":{"self":[{"href":"https:\/\/pancal-urci.es\/index.php\/wp-json\/wp\/v2\/posts\/2248","targetHints":{"allow":["GET"]}}],"collection":[{"href":"https:\/\/pancal-urci.es\/index.php\/wp-json\/wp\/v2\/posts"}],"about":[{"href":"https:\/\/pancal-urci.es\/index.php\/wp-json\/wp\/v2\/types\/post"}],"author":[{"embeddable":true,"href":"https:\/\/pancal-urci.es\/index.php\/wp-json\/wp\/v2\/users\/1"}],"replies":[{"embeddable":true,"href":"https:\/\/pancal-urci.es\/index.php\/wp-json\/wp\/v2\/comments?post=2248"}],"version-history":[{"count":1,"href":"https:\/\/pancal-urci.es\/index.php\/wp-json\/wp\/v2\/posts\/2248\/revisions"}],"predecessor-version":[{"id":2250,"href":"https:\/\/pancal-urci.es\/index.php\/wp-json\/wp\/v2\/posts\/2248\/revisions\/2250"}],"wp:featuredmedia":[{"embeddable":true,"href":"https:\/\/pancal-urci.es\/index.php\/wp-json\/wp\/v2\/media\/2249"}],"wp:attachment":[{"href":"https:\/\/pancal-urci.es\/index.php\/wp-json\/wp\/v2\/media?parent=2248"}],"wp:term":[{"taxonomy":"category","embeddable":true,"href":"https:\/\/pancal-urci.es\/index.php\/wp-json\/wp\/v2\/categories?post=2248"},{"taxonomy":"post_tag","embeddable":true,"href":"https:\/\/pancal-urci.es\/index.php\/wp-json\/wp\/v2\/tags?post=2248"}],"curies":[{"name":"wp","href":"https:\/\/api.w.org\/{rel}","templated":true}]}}