{"id":2255,"date":"2026-08-31T11:26:37","date_gmt":"2026-08-31T11:26:37","guid":{"rendered":"https:\/\/pancal-urci.es\/?p=2255"},"modified":"2026-09-02T09:54:20","modified_gmt":"2026-09-02T09:54:20","slug":"comunicado-del-partido-nacionalista-de-castilla-y-leon-union-reformista-ciudadana-pancal-urci-agosto-2026","status":"publish","type":"post","link":"https:\/\/pancal-urci.es\/index.php\/2026\/08\/31\/comunicado-del-partido-nacionalista-de-castilla-y-leon-union-reformista-ciudadana-pancal-urci-agosto-2026\/","title":{"rendered":"COMUNICADO DEL PARTIDO NACIONALISTA DE CASTILLA Y LE\u00d3N \u2013 UNI\u00d3N REFORMISTA CIUDADANA\u00a0(PANCAL-URCi) Agosto 2026"},"content":{"rendered":"\n<p class=\"wp-block-paragraph\">El <strong>Partido Nacionalista de Castilla y Le\u00f3n \u2013 Uni\u00f3n Reformista Ciudadana (PANCAL-URCi)<\/strong> quiere expresar p\u00fablicamente su apoyo a la convocatoria impulsada por la <strong>Federaci\u00f3n Espa\u00f1ola de Municipios y Provincias<\/strong> con motivo del pr\u00f3ximo <strong>2 de septiembre, D\u00eda de <a href=\"https:\/\/pancal-urci.es\/index.php\/2026\/08\/04\/ceuta-bajo-la-tenaza-de-rabat-morfologia-de-una-agresion-planificada\/\">Ceuta<\/a><\/strong>, como muestra de respaldo, solidaridad y compromiso con la ciudad aut\u00f3noma y con todos sus ciudadanos.<\/p>\n\n\n\n<p class=\"wp-block-paragraph\">Desde PANCAL-URCi consideramos que esta jornada debe servir para reafirmar con claridad la <strong>espa\u00f1olidad de Ceuta<\/strong>, su plena integraci\u00f3n en Espa\u00f1a y el derecho de sus ciudadanos a vivir con seguridad, estabilidad y el respaldo inequ\u00edvoco del conjunto de la Naci\u00f3n.<\/p>\n\n\n\n<p class=\"wp-block-paragraph\">Ceuta no es una cuesti\u00f3n perif\u00e9rica ni ajena al resto del pa\u00eds. Su realidad, sus problemas y su futuro deben ser tambi\u00e9n una preocupaci\u00f3n compartida por todas las comunidades, instituciones y fuerzas pol\u00edticas espa\u00f1olas.<\/p>\n\n\n\n<p class=\"wp-block-paragraph\">Por ello, PANCAL-URCi anima a los municipios, representantes p\u00fablicos, asociaciones y ciudadanos de Castilla y Le\u00f3n a sumarse a los actos y concentraciones que se celebren el pr\u00f3ximo 2 de septiembre, desde un esp\u00edritu <strong>c\u00edvico, democr\u00e1tico, pac\u00edfico y de unidad<\/strong>.<\/p>\n\n\n\n<p class=\"wp-block-paragraph\">Al mismo tiempo, el <strong>Partido Nacionalista de Castilla y Le\u00f3n \u2013 Uni\u00f3n Reformista Ciudadana<\/strong> anuncia su adhesi\u00f3n al <strong>\u201cManifiesto por Ceuta, por Espa\u00f1a\u201d<\/strong>, promovido por el <strong>Ateneo Cultural Villalar<\/strong>, entidad amiga y referente de la sociedad civil castellano-leonesa.<\/p>\n\n\n\n<p class=\"wp-block-paragraph\">Compartimos con dicho manifiesto la defensa de la soberan\u00eda espa\u00f1ola sobre Ceuta, la necesidad de garantizar una pol\u00edtica firme de protecci\u00f3n de nuestras fronteras, el respaldo a sus ciudadanos y la exigencia de una acci\u00f3n institucional estable y eficaz que asegure el futuro econ\u00f3mico, social y estrat\u00e9gico de la ciudad.<\/p>\n\n\n\n<p class=\"wp-block-paragraph\">Desde Castilla y Le\u00f3n queremos hacer llegar un mensaje claro:<\/p>\n\n\n\n<p class=\"wp-block-paragraph\"><strong>Ceuta no est\u00e1 sola.<\/strong><\/p>\n\n\n\n<p class=\"wp-block-paragraph\">Su espa\u00f1olidad no debe ser objeto de dudas, ambig\u00fcedades ni utilizaci\u00f3n pol\u00edtica.<\/p>\n\n\n\n<p class=\"wp-block-paragraph\">Defender Ceuta es defender tambi\u00e9n la legalidad, la convivencia, la cohesi\u00f3n territorial y el respeto a nuestro marco constitucional.<\/p>\n\n\n\n<p class=\"wp-block-paragraph\">PANCAL-URCi reafirma as\u00ed su compromiso con una Espa\u00f1a plural, cohesionada y respetuosa con la identidad de sus territorios, y considera que la defensa de los intereses propios de Castilla y Le\u00f3n es plenamente compatible con la solidaridad y la defensa de los intereses comunes del conjunto de Espa\u00f1a.<\/p>\n\n\n\n<p class=\"wp-block-paragraph\"><strong>Por Ceuta.<br>Por sus ciudadanos.<br>Por la convivencia.<br>Por la soberan\u00eda nacional.<br>Por Espa\u00f1a.<\/strong><\/p>\n\n\n\n<p class=\"has-text-align-center has-medium-font-size wp-block-paragraph\"><em><strong>Partido Nacionalista de Castilla y Le\u00f3n \u2013 Uni\u00f3n Reformista Ciudadana (PANCAL-URCi)<\/strong><br><strong>28 de agosto de 2026<\/strong><\/em><\/p>\n\n\n<div class=\"wp-block-image\">\n<figure class=\"aligncenter size-full is-resized\"><img data-dominant-color=\"3f3127\" data-has-transparency=\"false\" loading=\"lazy\" decoding=\"async\" width=\"1024\" height=\"682\" src=\"https:\/\/pancal-urci.es\/wp-content\/uploads\/2026\/08\/Alonso_Moratinos_PancalURCi_Agosto2026.avif\" alt=\"\" class=\"wp-image-2204 not-transparent\" style=\"--dominant-color: #3f3127; width:840px;height:auto\" srcset=\"https:\/\/pancal-urci.es\/wp-content\/uploads\/2026\/08\/Alonso_Moratinos_PancalURCi_Agosto2026.avif 1024w, https:\/\/pancal-urci.es\/wp-content\/uploads\/2026\/08\/Alonso_Moratinos_PancalURCi_Agosto2026-300x200.avif 300w, https:\/\/pancal-urci.es\/wp-content\/uploads\/2026\/08\/Alonso_Moratinos_PancalURCi_Agosto2026-768x512.avif 768w, https:\/\/pancal-urci.es\/wp-content\/uploads\/2026\/08\/Alonso_Moratinos_PancalURCi_Agosto2026-850x566.avif 850w\" sizes=\"auto, (max-width: 1024px) 100vw, 1024px\" \/><\/figure>\n<\/div>","protected":false},"excerpt":{"rendered":"<p>El Partido Nacionalista de Castilla y Le\u00f3n \u2013 Uni\u00f3n Reformista Ciudadana (PANCAL-URCi) quiere expresar p\u00fablicamente su apoyo a la convocatoria impulsada por la Federaci\u00f3n Espa\u00f1ola de Municipios y Provincias con motivo del pr\u00f3ximo 2 de septiembre, D\u00eda de Ceuta, como muestra de respaldo, solidaridad y compromiso con la ciudad aut\u00f3noma y con todos sus ciudadanos&#8230;.<\/p>\n","protected":false},"author":1,"featured_media":1105,"comment_status":"closed","ping_status":"closed","sticky":false,"template":"","format":"standard","meta":{"footnotes":""},"categories":[16,215],"tags":[337,17,40,43,240,31,222,6],"class_list":["post-2255","post","type-post","status-publish","format-standard","has-post-thumbnail","hentry","category-comunicados","category-pancal-urci-el-partido","tag-ceuta","tag-comunicado","tag-espana","tag-gobierno","tag-manifestacion","tag-noticia","tag-pancal","tag-urci"],"_links":{"self":[{"href":"https:\/\/pancal-urci.es\/index.php\/wp-json\/wp\/v2\/posts\/2255","targetHints":{"allow":["GET"]}}],"collection":[{"href":"https:\/\/pancal-urci.es\/index.php\/wp-json\/wp\/v2\/posts"}],"about":[{"href":"https:\/\/pancal-urci.es\/index.php\/wp-json\/wp\/v2\/types\/post"}],"author":[{"embeddable":true,"href":"https:\/\/pancal-urci.es\/index.php\/wp-json\/wp\/v2\/users\/1"}],"replies":[{"embeddable":true,"href":"https:\/\/pancal-urci.es\/index.php\/wp-json\/wp\/v2\/comments?post=2255"}],"version-history":[{"count":1,"href":"https:\/\/pancal-urci.es\/index.php\/wp-json\/wp\/v2\/posts\/2255\/revisions"}],"predecessor-version":[{"id":2256,"href":"https:\/\/pancal-urci.es\/index.php\/wp-json\/wp\/v2\/posts\/2255\/revisions\/2256"}],"wp:featuredmedia":[{"embeddable":true,"href":"https:\/\/pancal-urci.es\/index.php\/wp-json\/wp\/v2\/media\/1105"}],"wp:attachment":[{"href":"https:\/\/pancal-urci.es\/index.php\/wp-json\/wp\/v2\/media?parent=2255"}],"wp:term":[{"taxonomy":"category","embeddable":true,"href":"https:\/\/pancal-urci.es\/index.php\/wp-json\/wp\/v2\/categories?post=2255"},{"taxonomy":"post_tag","embeddable":true,"href":"https:\/\/pancal-urci.es\/index.php\/wp-json\/wp\/v2\/tags?post=2255"}],"curies":[{"name":"wp","href":"https:\/\/api.w.org\/{rel}","templated":true}]}}