{"id":2257,"date":"2026-08-31T11:30:34","date_gmt":"2026-08-31T11:30:34","guid":{"rendered":"https:\/\/pancal-urci.es\/?p=2257"},"modified":"2026-08-31T11:30:45","modified_gmt":"2026-08-31T11:30:45","slug":"se-cumple-un-mes-de-la-invasion-de-espana-por-ceuta","status":"publish","type":"post","link":"https:\/\/pancal-urci.es\/index.php\/2026\/08\/31\/se-cumple-un-mes-de-la-invasion-de-espana-por-ceuta\/","title":{"rendered":"Se cumple un Mes de la Invasi\u00f3n de Espa\u00f1a por\u00a0Ceuta"},"content":{"rendered":"<div class=\"wp-block-image\">\n<figure class=\"aligncenter size-full is-resized\"><img data-dominant-color=\"3f3127\" data-has-transparency=\"false\" loading=\"lazy\" decoding=\"async\" width=\"1024\" height=\"682\" src=\"https:\/\/pancal-urci.es\/wp-content\/uploads\/2026\/08\/Alonso_Moratinos_PancalURCi_Agosto2026.avif\" alt=\"\" class=\"wp-image-2204 not-transparent\" style=\"--dominant-color: #3f3127; width:840px;height:auto\" srcset=\"https:\/\/pancal-urci.es\/wp-content\/uploads\/2026\/08\/Alonso_Moratinos_PancalURCi_Agosto2026.avif 1024w, https:\/\/pancal-urci.es\/wp-content\/uploads\/2026\/08\/Alonso_Moratinos_PancalURCi_Agosto2026-300x200.avif 300w, https:\/\/pancal-urci.es\/wp-content\/uploads\/2026\/08\/Alonso_Moratinos_PancalURCi_Agosto2026-768x512.avif 768w, https:\/\/pancal-urci.es\/wp-content\/uploads\/2026\/08\/Alonso_Moratinos_PancalURCi_Agosto2026-850x566.avif 850w\" sizes=\"auto, (max-width: 1024px) 100vw, 1024px\" \/><\/figure>\n<\/div>\n\n\n<p class=\"wp-block-paragraph\">Cumplido un mes de la irrupci\u00f3n masiva de miles de personas \u2014en su inmensa mayor\u00eda ciudadanos marroqu\u00edes\u2014 en la ciudad aut\u00f3noma de <a href=\"https:\/\/pancal-urci.es\/index.php\/2026\/08\/04\/ceuta-bajo-la-tenaza-de-rabat-morfologia-de-una-agresion-planificada\/\">Ceuta<\/a>, la perspectiva del tiempo no diluye la gravedad del acontecimiento; al contrario, acent\u00faa la urgencia de sus consecuencias. Lo ocurrido no puede contemplarse bajo el simple prisma de una crisis humanitaria fortuita o un episodio migratorio desbordado. La inacci\u00f3n en la devoluci\u00f3n de quienes cruzaron irregularmente las fronteras espa\u00f1olas sienta un precedente alarmante para la integridad territorial de Espa\u00f1a y la soberan\u00eda de la Uni\u00f3n Europea.<\/p>\n\n\n\n<p class=\"wp-block-paragraph\"><br>Es incontrovertible que el Reino de Marruecos propici\u00f3 e instrumentaliz\u00f3 intencionadamente este flujo hacia Ceuta. La relajaci\u00f3n deliberada del control fronterizo por parte de las fuerzas de seguridad alauitas no fue una casualidad, sino una maniobra de presi\u00f3n geopol\u00edtica encaminada a chantajear a un estado vecino. Convertir el drama humano y la desesperaci\u00f3n de miles de sus propios nacionales en un pe\u00f3n de ajedrez pol\u00edtico representa una grave irresponsabilidad estrat\u00e9gica que vulnera las normas b\u00e1sicas del derecho internacional y la buena vecindad.<\/p>\n\n\n\n<p class=\"wp-block-paragraph\"><br>El verdadero peligro radica en el mensaje que se emite hacia el exterior. Si las fronteras de un Estado soberano pueden ser violadas de forma masiva sin que se aplique un retorno efectivo y sistem\u00e1tico, el principio de autoridad fronteriza queda anulado. La falta de una respuesta firme y de la devoluci\u00f3n de los involucrados sienta un precedente nefasto: valida la efectividad del chantaje migratorio como herramienta de coerci\u00f3n pol\u00edtica.<\/p>\n\n\n\n<p class=\"wp-block-paragraph\"><br>Esta amenaza no ata\u00f1e exclusivamente a Espa\u00f1a. Ceuta es, a todos los efectos, la frontera sur de la Uni\u00f3n Europea. Si la UE tolera que se desdibujen sus l\u00edmites mediante asaltos orquestados, el continente entero queda expuesto a futuras presiones de similar naturaleza por parte de terceros pa\u00edses. Europa se encuentra ante un verdadero punto de inflexi\u00f3n. Sin una se\u00f1al contundente y un\u00e1nime que deje claro que las fronteras comunitarias son inviolables y que estas t\u00e1cticas no generar\u00e1n r\u00e9dito pol\u00edtico alguno, el proyecto de seguridad y soberan\u00eda europeo sufrir\u00e1 un deterioro irreversible.<\/p>\n\n\n\n<p class=\"wp-block-paragraph\"><br>Por otro lado, resulta imperativo se\u00f1alar la responsabilidad directa de la c\u00fapula de poder en Marruecos sobre las causas de fondo de este \u00e9xodo. La brecha social y la falta de oportunidades que empujan a miles de j\u00f3venes y familias a arriesgarlo todo no se resuelven exportando el problema al pa\u00eds vecino. La inmensa fortuna personal del Rey de Marruecos, catalogada entre las m\u00e1s grandes del mundo, deber\u00eda ponerse de manera decidida al servicio de sus propios ciudadanos.<\/p>\n\n\n\n<p class=\"wp-block-paragraph\"><br>En lugar de destinar recursos a la presi\u00f3n estrat\u00e9gica sobre el exterior, la monarqu\u00eda alauita tiene el deber moral y pol\u00edtico de fomentar la inversi\u00f3n interna, industrializar el pa\u00eds y crear puestos de trabajo dignos que garanticen el bienestar y el futuro de la poblaci\u00f3n en su propia tierra. La estabilidad de una naci\u00f3n no se construye desestabilizando a sus vecinos, sino ofreciendo progreso real y justicia social dentro de sus fronteras.<\/p>\n\n\n\n<p class=\"wp-block-paragraph\"><br>Ha transcurrido un mes y el tiempo de la indeterminaci\u00f3n ha terminado. La defensa de la integridad territorial de Espa\u00f1a y la protecci\u00f3n de la frontera sur europea exigen firmeza, restituciones efectivas y una postura clara ante Marruecos: la soberan\u00eda no se negocia y el chantaje no puede quedar sin respuesta.<\/p>\n\n\n\n<p class=\"wp-block-paragraph\">Francisco Jos\u00e9 Alonso Rodr\u00edguez. \u2013 Polit\u00f3logo. \u2013 Soci\u00f3logo. \u2013 Presidente Liga Espa\u00f1ola Pro Derechos Humanos. \u2013 Federaci\u00f3n Internacional Pro Derechos Humanos-Espa\u00f1a. \u2013 Premiso a las Libertades \u201cRafael del Riego\u201d. Centro de Estudios Ateneos.<\/p>\n\n\n\n<p class=\"wp-block-paragraph\"><br>Ignacio <a href=\"https:\/\/pancal-urci.es\/index.php\/2026\/05\/25\/el-empecinado-y-la-liberacion-de-alcala-de-henares-tras-la-batalla-del-puente-de-zulema\/\">Moratinos<\/a> \u201cEl Empecinado\u201d. Coordinador General de la Liga Espa\u00f1ola pro Derechos Humanos en Castilla y Le\u00f3n. \u2013 Presidente C\u00edrculo Cultural Juan Martin \u201cEl Empecinado\u201d.-Ateneo Cultural Villalar.<\/p>\n","protected":false},"excerpt":{"rendered":"<p>Cumplido un mes de la irrupci\u00f3n masiva de miles de personas \u2014en su inmensa mayor\u00eda ciudadanos marroqu\u00edes\u2014 en la ciudad aut\u00f3noma de Ceuta, la perspectiva del tiempo no diluye la gravedad del acontecimiento; al contrario, acent\u00faa la urgencia de sus consecuencias. Lo ocurrido no puede contemplarse bajo el simple prisma de una crisis humanitaria fortuita&#8230;<\/p>\n","protected":false},"author":1,"featured_media":2211,"comment_status":"closed","ping_status":"closed","sticky":false,"template":"","format":"standard","meta":{"footnotes":""},"categories":[8],"tags":[30,337,40,24],"class_list":["post-2257","post","type-post","status-publish","format-standard","has-post-thumbnail","hentry","category-noticias","tag-alonso","tag-ceuta","tag-espana","tag-moratinos"],"_links":{"self":[{"href":"https:\/\/pancal-urci.es\/index.php\/wp-json\/wp\/v2\/posts\/2257","targetHints":{"allow":["GET"]}}],"collection":[{"href":"https:\/\/pancal-urci.es\/index.php\/wp-json\/wp\/v2\/posts"}],"about":[{"href":"https:\/\/pancal-urci.es\/index.php\/wp-json\/wp\/v2\/types\/post"}],"author":[{"embeddable":true,"href":"https:\/\/pancal-urci.es\/index.php\/wp-json\/wp\/v2\/users\/1"}],"replies":[{"embeddable":true,"href":"https:\/\/pancal-urci.es\/index.php\/wp-json\/wp\/v2\/comments?post=2257"}],"version-history":[{"count":1,"href":"https:\/\/pancal-urci.es\/index.php\/wp-json\/wp\/v2\/posts\/2257\/revisions"}],"predecessor-version":[{"id":2258,"href":"https:\/\/pancal-urci.es\/index.php\/wp-json\/wp\/v2\/posts\/2257\/revisions\/2258"}],"wp:featuredmedia":[{"embeddable":true,"href":"https:\/\/pancal-urci.es\/index.php\/wp-json\/wp\/v2\/media\/2211"}],"wp:attachment":[{"href":"https:\/\/pancal-urci.es\/index.php\/wp-json\/wp\/v2\/media?parent=2257"}],"wp:term":[{"taxonomy":"category","embeddable":true,"href":"https:\/\/pancal-urci.es\/index.php\/wp-json\/wp\/v2\/categories?post=2257"},{"taxonomy":"post_tag","embeddable":true,"href":"https:\/\/pancal-urci.es\/index.php\/wp-json\/wp\/v2\/tags?post=2257"}],"curies":[{"name":"wp","href":"https:\/\/api.w.org\/{rel}","templated":true}]}}