{"id":2268,"date":"2026-09-03T10:24:58","date_gmt":"2026-09-03T10:24:58","guid":{"rendered":"https:\/\/pancal-urci.es\/?p=2268"},"modified":"2026-09-03T10:27:32","modified_gmt":"2026-09-03T10:27:32","slug":"el-latido-inmortal-de-el-empecinado-memoria-dignidad","status":"publish","type":"post","link":"https:\/\/pancal-urci.es\/index.php\/2026\/09\/03\/el-latido-inmortal-de-el-empecinado-memoria-dignidad\/","title":{"rendered":"El latido inmortal de El Empecinado: memoria,\u00a0dignidad"},"content":{"rendered":"\n<p class=\"wp-block-paragraph\">por Fco. Jos\u00e9 Alonso Rodr\u00edguez, 02 de Septiembre de 2026.<\/p>\n\n\n<div class=\"wp-block-image\">\n<figure class=\"alignleft size-full is-resized\"><img data-dominant-color=\"60462d\" data-has-transparency=\"false\" loading=\"lazy\" decoding=\"async\" width=\"410\" height=\"410\" src=\"https:\/\/pancal-urci.es\/wp-content\/uploads\/2026\/01\/FcoJ.AlonsoR_SecretarioGeneral_Pancal-URCi-e1772443637600.avif\" alt=\"\" class=\"wp-image-1693 not-transparent\" style=\"--dominant-color: #60462d; width:140px;height:auto\" srcset=\"https:\/\/pancal-urci.es\/wp-content\/uploads\/2026\/01\/FcoJ.AlonsoR_SecretarioGeneral_Pancal-URCi-e1772443637600.avif 410w, https:\/\/pancal-urci.es\/wp-content\/uploads\/2026\/01\/FcoJ.AlonsoR_SecretarioGeneral_Pancal-URCi-e1772443637600-300x300.avif 300w, https:\/\/pancal-urci.es\/wp-content\/uploads\/2026\/01\/FcoJ.AlonsoR_SecretarioGeneral_Pancal-URCi-e1772443637600-150x150.avif 150w\" sizes=\"auto, (max-width: 410px) 100vw, 410px\" \/><figcaption class=\"wp-element-caption\">Fco. Jos\u00e9 Alonso<\/figcaption><\/figure>\n<\/div>\n\n\n<p class=\"wp-block-paragraph\">Hay hombres que no pertenecen a la historia por el capricho de los libros, sino porque su nombre qued\u00f3 cincelado en la propia tierra que pisaron. El 2 de septiembre de 1775 nac\u00eda en Castrillo de Duero Juan Mart\u00edn D\u00edez, \u00abEl Empecinado\u00bb. Un cuarto de milenio m\u00e1s un a\u00f1o despu\u00e9s, la figura del h\u00e9roe castellano por antonomasia no solo permanece viva, sino que exige, con la urgencia del deber no cumplido, la restituci\u00f3n de su memoria y el cumplimiento final de su voluntad.<\/p>\n\n\n\n<p class=\"wp-block-paragraph\"><br>Hablar de El <a href=\"https:\/\/pancal-urci.es\/index.php\/2026\/05\/25\/el-empecinado-y-la-liberacion-de-alcala-de-henares-tras-la-batalla-del-puente-de-zulema\/\">Empecinado<\/a> es hablar del alma ind\u00f3mita de Castilla y Le\u00f3n. Si en el siglo XVI los Comuneros encendieron en Villalar la llama de la libertad frente al absolutismo imperial, tres siglos m\u00e1s tarde Juan Mart\u00edn encarn\u00f3 ese mismo esp\u00edritu popular, indomable y soberano frente al invasor napole\u00f3nico y la tiran\u00eda fernandina. Fue el labrador que mut\u00f3 en general, el estratega guerrillero que demostr\u00f3 que el pueblo unido es capaz de doblegar al ej\u00e9rcito m\u00e1s poderoso de Europa. Pero, sobre todo, fue un hombre fiel a sus principios: defensor implacable de la Constituci\u00f3n de 1812, de la libertad de sus paisanos y del derecho de la gente com\u00fan a decidir su propio destino.<\/p>\n\n\n\n<p class=\"wp-block-paragraph\"><br>Resulta incomprensible, por no decir hiriente, el injusto olvido y la frialdad con la que las instituciones han tratado su figura. Es una afrenta a nuestra identidad colectiva que en pleno siglo XXI existan pueblos y ciudades en Castilla y Le\u00f3n \u2014y en el conjunto de Espa\u00f1a\u2014 donde su nombre no figure en el trazado de sus calles. \u00bfC\u00f3mo es posible que quienes entregaron su vida por la dignidad de su tierra no cuenten con un monumento en cada plaza principal? No se trata de un simple ejercicio de nostalgia; se trata de pedagog\u00eda democr\u00e1tica, de justicia hist\u00f3rica y de orgullo identitario. Quien olvida a sus h\u00e9roes est\u00e1 condenado a la irrelevancia.<\/p>\n\n\n<div class=\"wp-block-image\">\n<figure class=\"aligncenter is-resized\"><img data-dominant-color=\"dee5eb\" data-has-transparency=\"false\" decoding=\"async\" src=\"https:\/\/ecosdevillalar.wordpress.com\/wp-content\/uploads\/2026\/09\/1000429729.png?w=819\" alt=\"\" class=\"wp-image-1684 not-transparent\" style=\"--dominant-color: #dee5eb; aspect-ratio:0.8005865102639296;object-fit:cover;width:840px;height:auto\"\/><\/figure>\n<\/div>\n\n\n<p class=\"wp-block-paragraph\"><br>Pero la deuda m\u00e1s profunda y dolorosa que mantenemos con El Empecinado no es solo de piedra o bronce, sino de paz reposada. Tras ser ejecutado vilmente en Roa en 1825 por defender la libertad, sus restos mortales han vagado sin encontrar el descanso que \u00e9l mismo anhel\u00f3. Custodiados hoy en Burgos, lejos del cobijo de su cuna, claman por el cumplimiento de su \u00faltima voluntad: regresar a Castrillo de Duero, a la tierra que lo vio nacer y al lado de los suyos. No hay acto de mayor justicia ni de mayor humanidad que devolver al h\u00e9roe a su pueblo, all\u00ed donde el r\u00edo Duero susurra la historia de sus haza\u00f1as y donde su gente sabr\u00e1 velar su memoria para siempre.<\/p>\n\n\n\n<p class=\"wp-block-paragraph\"><br>El ideario de El Empecinado no es una reliquia del pasado; es una antorcha plenamente vigente. Su lucha en contra del despotismo y a favor de los derechos del pueblo conecta de manera natural con el legado de Bravo, Padilla y Maldonado. Ambos episodios forman parte de la misma columna vertebral de Castilla: la resistencia de la gente sencilla frente a la opresi\u00f3n.<br>Recordar a Juan Mart\u00edn D\u00edez no es solo mirar atr\u00e1s; es afirmar qui\u00e9nes somos y qu\u00e9 valores defendemos hoy. Al mantener vivo su nombre, garantizamos que su esp\u00edritu liberal siga paseando entre nosotros. Castilla y Le\u00f3n deben saldar de una vez por todas esta deuda hist\u00f3rica: llevar sus restos a Castrillo de Duero, erigir su figura en cada ciudad y grabar su nombre en cada rinc\u00f3n. Solo as\u00ed podremos mirar al futuro con la cabeza alta, sabiendo que honramos a quienes nos dieron dignidad.<\/p>\n\n\n\n<p class=\"wp-block-paragraph\"><br>Francisco Jos\u00e9 Alonso Rodr\u00edguez. \u2013 Polit\u00f3logo. \u2013 Soci\u00f3logo. \u2013 Secretario General PANCAL-URCi. \u2013 Ateneo Cultural Villalar. \u2013 Premio a las Libertades \u201cRafael del Riego\u201d. Un Comunero-Empecinado.<\/p>\n","protected":false},"excerpt":{"rendered":"<p>por Fco. Jos\u00e9 Alonso Rodr\u00edguez, 02 de Septiembre de 2026. Hay hombres que no pertenecen a la historia por el capricho de los libros, sino porque su nombre qued\u00f3 cincelado en la propia tierra que pisaron. El 2 de septiembre de 1775 nac\u00eda en Castrillo de Duero Juan Mart\u00edn D\u00edez, \u00abEl Empecinado\u00bb. Un cuarto de&#8230;<\/p>\n","protected":false},"author":1,"featured_media":2222,"comment_status":"closed","ping_status":"closed","sticky":false,"template":"","format":"standard","meta":{"footnotes":""},"categories":[8,215],"tags":[30,62,59,433,31],"class_list":["post-2268","post","type-post","status-publish","format-standard","has-post-thumbnail","hentry","category-noticias","category-pancal-urci-el-partido","tag-alonso","tag-articulo","tag-empecinado","tag-memoria","tag-noticia"],"_links":{"self":[{"href":"https:\/\/pancal-urci.es\/index.php\/wp-json\/wp\/v2\/posts\/2268","targetHints":{"allow":["GET"]}}],"collection":[{"href":"https:\/\/pancal-urci.es\/index.php\/wp-json\/wp\/v2\/posts"}],"about":[{"href":"https:\/\/pancal-urci.es\/index.php\/wp-json\/wp\/v2\/types\/post"}],"author":[{"embeddable":true,"href":"https:\/\/pancal-urci.es\/index.php\/wp-json\/wp\/v2\/users\/1"}],"replies":[{"embeddable":true,"href":"https:\/\/pancal-urci.es\/index.php\/wp-json\/wp\/v2\/comments?post=2268"}],"version-history":[{"count":1,"href":"https:\/\/pancal-urci.es\/index.php\/wp-json\/wp\/v2\/posts\/2268\/revisions"}],"predecessor-version":[{"id":2269,"href":"https:\/\/pancal-urci.es\/index.php\/wp-json\/wp\/v2\/posts\/2268\/revisions\/2269"}],"wp:featuredmedia":[{"embeddable":true,"href":"https:\/\/pancal-urci.es\/index.php\/wp-json\/wp\/v2\/media\/2222"}],"wp:attachment":[{"href":"https:\/\/pancal-urci.es\/index.php\/wp-json\/wp\/v2\/media?parent=2268"}],"wp:term":[{"taxonomy":"category","embeddable":true,"href":"https:\/\/pancal-urci.es\/index.php\/wp-json\/wp\/v2\/categories?post=2268"},{"taxonomy":"post_tag","embeddable":true,"href":"https:\/\/pancal-urci.es\/index.php\/wp-json\/wp\/v2\/tags?post=2268"}],"curies":[{"name":"wp","href":"https:\/\/api.w.org\/{rel}","templated":true}]}}